{"id":4500,"date":"2026-01-22T12:00:53","date_gmt":"2026-01-22T11:00:53","guid":{"rendered":"https:\/\/aglow.cz\/?p=4500"},"modified":"2026-03-28T21:07:24","modified_gmt":"2026-03-28T20:07:24","slug":"narodni-konference-2026","status":"publish","type":"post","link":"https:\/\/aglow.cz\/index.php\/2026\/01\/22\/narodni-konference-2026\/","title":{"rendered":"N\u00c1RODN\u00cd KONFERENCE 2026"},"content":{"rendered":"\n<p style=\"text-align: center;\"><strong><a href=\"https:\/\/forms.office.com\/e\/gApaLRCSiu\" target=\"_blank\" rel=\"noopener\">\u00a0\ud83d\ude0a DOTAZN\u00cdK : pros\u00edme \u00fa\u010dastn\u00edky konference o vypln\u011bn\u00ed \ud83d\ude0a<\/a><\/strong><\/p>\n\n\n\n<h3 style=\"text-align: center;\"><strong>27. &#8211; 28. B\u0158EZNA 2026<\/strong><\/h3>\n<p>M\u00edsto kon\u00e1n\u00ed:\u00a0<strong>Vysok\u00e9 M\u00fdto, Litomy\u0161lsk\u00e1\u00a0 72<\/strong>\u00a0 &#8211; <strong>M-Klub\u00a0 Kulturn\u00ed d\u016fm<\/strong><\/p>\n<h2 style=\"text-align: center;\"><strong><span style=\"color: #800080;\">Motto:\u00a0 B\u016fh je v\u011brn\u00fd za v\u0161ech okolnost\u00ed!<\/span>\u00a0<br \/><\/strong><\/h2>\n<p>Mil\u00e9 \u017eeny, mil\u00e9 d\u00edvky,<\/p>\n<p>vstoupily jsme do dal\u0161\u00edho roku, v\u011b\u0159\u00edm s o\u010dek\u00e1v\u00e1n\u00edm, co nov\u00e9ho p\u0159inese.<\/p>\n<p>Nev\u00edm, co ka\u017edou z v\u00e1s tento rok \u010dek\u00e1, co dobr\u00e9ho m\u00e1 pro v\u00e1s B\u016fh ji\u017e p\u0159ipraven\u00e9, ale tu\u0161\u00edm, co dobr\u00e9ho p\u0159inese b\u0159eznov\u00e1 konference Aglow.<\/p>\n<p>M\u00e1te jedine\u010dnou p\u0159\u00edle\u017eitost poslechnout si Anneke Pol z Holandska, kter\u00e1 bude mluvit, jak napov\u00edd\u00e1 i n\u00e1zev konference na t\u00e9ma: B\u016fh je v\u011brn\u00fd za v\u0161ech okolnost\u00ed.<\/p>\n<p>A tak\u00e9 je hoden chv\u00e1ly, k \u010demu\u017e budeme m\u00edt p\u0159\u00edle\u017eitost v p\u00e1tek i sobotu spolu s d\u00edv\u010d\u00ed skupinou z Mostu a s chv\u00e1l\u00edc\u00ed skupinou\u00a0 Protiproudu 30.<\/p>\n<p>\u00a0 \u00a0 \u00a0 \u00a0 \u00a0 \u00a0M\u00edsto semin\u00e1\u0159\u016f je p\u0159ipravena <strong><span style=\"color: #000000;\">Talk show<\/span><\/strong> s n\u00e1zvem: <span style=\"font-size: revert; color: initial;\">&#8222;<\/span><strong style=\"font-size: revert; color: initial;\">Porazit draka a vstoupit v\u00edt\u011bzn\u011b do bran Bo\u017e\u00edho kr\u00e1lovstv\u00ed.<\/strong><span style=\"font-size: revert; color: initial;\">&#8222;<\/span><\/p>\n<p>\u00a0 \u00a0 \u00a0 \u00a0 \u00a0 \u00a0Denn\u011b sv\u00e1d\u00edme boje s nep\u0159\u00edtelem i sami se sebou, ale B\u016fh v\u017edy stoj\u00ed vedle n\u00e1s. N\u011bkdy n\u00e1s potk\u00e1vaj\u00ed nep\u0159edstaviteln\u011b t\u011b\u017ek\u00e9 v\u011bci, jimi\u017e projdeme jen ruku v ruce s Je\u017e\u00ed\u0161em, sami bychom se ztratili v sebel\u00edtosti, neodpu\u0161t\u011bn\u00ed, beznad\u011bji, zmatku, zoufalstv\u00ed&#8230; Host\u00e9 na\u0161\u00ed talk show v\u011bd\u00ed, co je b\u00fdt ztr\u00e1pen\u00fd, nikoliv v\u0161ak zlomen\u00fd. Budeme si otev\u0159en\u011b pov\u00eddat o prohran\u00e9m boji s rakovinou, o n\u00e1hle ztr\u00e1t\u011b man\u017eela, o p\u00e1dech d\u011bt\u00ed, kter\u00fdm dali v\u0161e&#8230;<\/p>\n<p dir=\"ltr\">Sou\u010d\u00e1st\u00ed konference budou <strong><span style=\"color: #000000;\">osobn\u00ed modlitby<\/span><\/strong> prorocky obdarovan\u00fdch slu\u017eebn\u00edk\u016f, kte\u0159\u00ed maj\u00ed zku\u0161enost s vnit\u0159n\u00edm uzdraven\u00edm. Co k tob\u011b dnes B\u016fh mluv\u00ed?<\/p>\n<p>V pr\u016fb\u011bhu konference bude <strong><span style=\"color: #000000;\">autogrami\u00e1da<\/span><\/strong> nov\u00e9 knihy Giny (Ji\u0159iny \u010cunkov\u00e9).<\/p>\n<p>Tou\u017e\u00edme spolu s v\u00e1mi pro\u017e\u00edt \u010das radosti, odpo\u010dinut\u00ed, uzdraven\u00ed&#8230;\u010das v Bo\u017e\u00ed bl\u00edzkosti.<\/p>\n<p>PS: mu\u017ei jsou tak\u00e9 v\u00edt\u00e1ni<\/p>\n<p>\u00a0<\/p>\n<h3 style=\"text-align: center;\"><span style=\"color: #800080;\">Hlavn\u00ed mluv\u010d\u00ed:<\/span><\/h3>\n<p><strong>Anneke POL\u00a0 \u00a0&#8211;\u00a0 <\/strong>Holandsko<\/p>\n<p>Jmenuji se Anneke Pol a bydl\u00edm ve Zwolle.<\/p>\n<p>Mou nejv\u011bt\u0161\u00ed l\u00e1skou je Je\u017e\u00ed\u0161! Byl to on, kdo dal m\u00e9mu \u017eivotu smysl po m\u00e9m rozvodu, p\u0159ed v\u00edce ne\u017e 32 lety. Kdyby B\u016fh nezas\u00e1hl do m\u00e9ho \u017eivota, nikdy bych nemohla \u017e\u00edt TEN \u017dIVOT, jak\u00fd \u017eiji te\u010f. Nyn\u00ed si u\u017e\u00edv\u00e1m sv\u00e9 4 \u00fa\u017easn\u00e9 d\u011bti a 6 kr\u00e1sn\u00fdch vnou\u010dat.<\/p>\n<p><strong>Program \u2013 p\u00e1tek<\/strong><\/p>\n<p>17.00 \u2013 19.00\u00a0 registrace<br \/>19.00 \u2013 21.30\u00a0 shrom\u00e1\u017ed\u011bn\u00ed (Anneke Pol), chv\u00e1ly<\/p>\n<p><br \/><strong>Program \u2013 sobota<\/strong><\/p>\n<p>7.30\u00a0 &#8211;\u00a0 \u00a09.00\u00a0 \u00a0registrace<br \/>9.00\u00a0 &#8211; \u00a011.30\u00a0 chv\u00e1ly, shrom\u00e1\u017ed\u011bn\u00ed\u00a0<br \/>11.30 &#8211; 13.00\u00a0 ob\u011bd<br \/>13.00 &#8211; 14.30\u00a0 talk show\u00a0<\/p>\n<p>14.30 \u2013 15.30\u00a0\u00a0 p\u0159est\u00e1vka na mal\u00e9 ob\u010derstven\u00ed<br \/>15:30 &#8211; 16:30\u00a0 \u00a0modlitby a sv\u011bdectv\u00ed<\/p>\n<p>16:30 &#8211; 17:00\u00a0 \u00a0chv\u00e1ly a z\u00e1v\u011bre\u010dn\u00e9 po\u017eehn\u00e1n\u00ed<\/p>\n<p>P\u0159edpokl\u00e1dan\u00fd konec v 17.00 hodin<\/p>\n<p style=\"text-align: center;\"><span style=\"color: #800080;\"><strong>INFORMACE<\/strong><\/span><\/p>\n<p>Konferen\u010dn\u00ed poplatek: cel\u00e1 konference 300,- K\u010d (jenom p\u00e1tek &#8211; 150 K\u010d, jenom sobota 250 K\u010d)<br \/>Nocleh, sn\u00eddan\u011b a ob\u011bd na adrese:<strong> Domov Ml\u00e1de\u017ee, <\/strong><a href=\"https:\/\/www.bing.com\/ck\/a?!&amp;&amp;p=90b8f9b632be645a4e76f65ba200c619adacbd11e6e1cbd2c90be29d23e005f5JmltdHM9MTc2ODk1MzYwMA&amp;ptn=3&amp;ver=2&amp;hsh=4&amp;fclid=31b12dc3-8b64-690f-2f91-38028a26689e&amp;u=a1L21hcHM_Jm1lcGk9MH5-RW1iZWRkZWR-QWRkcmVzc19MaW5rJnR5PTE4JnE9RG9tb3YlMjBNbCVDMyVBMWRlJUM1JUJFZSUyMGElMjAlQzUlQTBLT0xOJUMzJThEJTIwSiVDMyU4RERFTE5BJTIwVnlzb2slQzMlQTklMjBNJUMzJUJEdG8mc3M9eXBpZC5ZTjgwNDZ4MTA1MDMwNTIyNTA4Mzg2MTg0ODYmcHBvaXM9NDkuOTUxMDMwNzMxMjAxMTdfMTYuMTU4ODkzNTg1MjA1MDc4X0RvbW92JTIwTWwlQzMlQTFkZSVDNSVCRWUlMjBhJTIwJUM1JUEwS09MTiVDMyU4RCUyMEolQzMlOERERUxOQSUyMFZ5c29rJUMzJUE5JTIwTSVDMyVCRHRvX1lOODA0NngxMDUwMzA1MjI1MDgzODYxODQ4Nn4mY3A9NDkuOTUxMDMxfjE2LjE1ODg5NCZ2PTImc1Y9MSZGT1JNPU1QU1JQTA\"><strong>Gen. Z\u00e1vady 118, Vysok\u00e9 M\u00fdto<\/strong><\/a><br \/>Nocleh i j\u00eddlo je nutn\u00e9 objednat pomoc\u00ed <strong>P\u0159ihl\u00e1\u0161ky<\/strong> a sou\u010dasn\u011b poslat celkovou \u010d\u00e1stku na \u00fa\u010det Aglow (do Pozn\u00e1mky u platby uv\u00e9st za koho plat\u00edte) &#8211; do 15.3.2026.<\/p>\n<p><strong><span style=\"color: #0000ff;\"><a style=\"color: #0000ff;\" href=\"https:\/\/aglow.cz\/wp-content\/uploads\/2026\/01\/Ubytovani.pdf\" target=\"_blank\" rel=\"noopener\">Ubytov\u00e1ni &#8211; podrobnosti, dal\u0161\u00ed mo\u017enosti, mapky<\/a>.pdf<\/span><\/strong><\/p>\n<p>\u010d\u00edslo \u00fa\u010dtu: <strong>236087202 \/0600<\/strong>, var. symbol = <strong>telef. \u010d\u00edslo<\/strong><br \/>Cena: ubytov\u00e1n\u00ed: 350 K\u010d<br \/>\u00a0 \u00a0 \u00a0 \u00a0 \u00a0 \u00a0sn\u00eddan\u011b:\u00a0 \u00a0 \u00a0 95 K\u010d<br \/>\u00a0 \u00a0 \u00a0 \u00a0 \u00a0 \u00a0ob\u011bd:\u00a0 \u00a0 \u00a0 \u00a0 \u00a0135 K\u010d\u00a0<\/p>\n<p style=\"text-align: center;\"><strong><span style=\"color: #800080;\">P\u0158IHL\u00c1\u0160KA<\/span> <br \/><\/strong><\/p>\n<p><strong><span style=\"color: #993366;\">P\u0159ihla\u0161ov\u00e1n\u00ed bylo ukon\u010deno.\u00a0<\/span><\/strong><\/p>\n<p>Na konferenci je mo\u017en\u00e9 p\u0159ijet a konferen\u010dn\u00ed poplatek zaplatit na m\u00edst\u011b. (Bez mo\u017enosti stravy a ubytov\u00e1n\u00ed.)<\/p>\n<p>info. tel.: 739 446 054,\u00a0e-mail:\u00a0<u><a href=\"mailto:m.bakesova@seznam.cz\">m.bakesova@seznam.cz<\/a><\/u><\/p>\n<p><a href=\"https:\/\/aglow.cz\/wp-content\/uploads\/2026\/01\/POZVANKA_2026.png\" target=\"_blank\" rel=\"noopener\"><strong><span style=\"color: #3366ff;\">Pozv\u00e1nka ke sta\u017een\u00ed &#8211; OBR<\/span><\/strong><\/a><\/p>\n<p>\u00a0<\/p>\n<p><img loading=\"lazy\" decoding=\"async\" class=\"alignnone size-medium wp-image-4494\" src=\"https:\/\/aglow.cz\/wp-content\/uploads\/2026\/01\/POZVANKA_2026-212x300.png\" alt=\"\" width=\"212\" height=\"300\" srcset=\"https:\/\/aglow.cz\/wp-content\/uploads\/2026\/01\/POZVANKA_2026-212x300.png 212w, https:\/\/aglow.cz\/wp-content\/uploads\/2026\/01\/POZVANKA_2026-728x1030.png 728w, https:\/\/aglow.cz\/wp-content\/uploads\/2026\/01\/POZVANKA_2026-768x1086.png 768w, https:\/\/aglow.cz\/wp-content\/uploads\/2026\/01\/POZVANKA_2026-1086x1536.png 1086w, https:\/\/aglow.cz\/wp-content\/uploads\/2026\/01\/POZVANKA_2026-1448x2048.png 1448w, https:\/\/aglow.cz\/wp-content\/uploads\/2026\/01\/POZVANKA_2026-1060x1500.png 1060w, https:\/\/aglow.cz\/wp-content\/uploads\/2026\/01\/POZVANKA_2026-498x705.png 498w, https:\/\/aglow.cz\/wp-content\/uploads\/2026\/01\/POZVANKA_2026.png 1587w\" sizes=\"auto, (max-width: 212px) 100vw, 212px\" \/><\/p>\n","protected":false},"excerpt":{"rendered":"<p>\u00a0\ud83d\ude0a DOTAZN\u00cdK : pros\u00edme \u00fa\u010dastn\u00edky konference o vypln\u011bn\u00ed \ud83d\ude0a 27. &#8211; 28. B\u0158EZNA 2026 M\u00edsto kon\u00e1n\u00ed:\u00a0Vysok\u00e9 M\u00fdto, Litomy\u0161lsk\u00e1\u00a0 72\u00a0 &#8211; M-Klub\u00a0 Kulturn\u00ed d\u016fm Motto:\u00a0 B\u016fh je v\u011brn\u00fd za v\u0161ech okolnost\u00ed!\u00a0 Mil\u00e9 \u017eeny, mil\u00e9 d\u00edvky, vstoupily jsme do dal\u0161\u00edho roku, v\u011b\u0159\u00edm s o\u010dek\u00e1v\u00e1n\u00edm, co nov\u00e9ho p\u0159inese. Nev\u00edm, co ka\u017edou z v\u00e1s tento rok \u010dek\u00e1, co dobr\u00e9ho [&hellip;]<\/p>\n","protected":false},"author":3,"featured_media":4447,"comment_status":"closed","ping_status":"closed","sticky":false,"template":"","format":"standard","meta":{"footnotes":""},"categories":[37,36,1],"tags":[],"class_list":["post-4500","post","type-post","status-publish","format-standard","has-post-thumbnail","hentry","category-clanky","category-konference","category-nezarazene"],"_links":{"self":[{"href":"https:\/\/aglow.cz\/index.php\/wp-json\/wp\/v2\/posts\/4500","targetHints":{"allow":["GET"]}}],"collection":[{"href":"https:\/\/aglow.cz\/index.php\/wp-json\/wp\/v2\/posts"}],"about":[{"href":"https:\/\/aglow.cz\/index.php\/wp-json\/wp\/v2\/types\/post"}],"author":[{"embeddable":true,"href":"https:\/\/aglow.cz\/index.php\/wp-json\/wp\/v2\/users\/3"}],"replies":[{"embeddable":true,"href":"https:\/\/aglow.cz\/index.php\/wp-json\/wp\/v2\/comments?post=4500"}],"version-history":[{"count":76,"href":"https:\/\/aglow.cz\/index.php\/wp-json\/wp\/v2\/posts\/4500\/revisions"}],"predecessor-version":[{"id":4611,"href":"https:\/\/aglow.cz\/index.php\/wp-json\/wp\/v2\/posts\/4500\/revisions\/4611"}],"wp:featuredmedia":[{"embeddable":true,"href":"https:\/\/aglow.cz\/index.php\/wp-json\/wp\/v2\/media\/4447"}],"wp:attachment":[{"href":"https:\/\/aglow.cz\/index.php\/wp-json\/wp\/v2\/media?parent=4500"}],"wp:term":[{"taxonomy":"category","embeddable":true,"href":"https:\/\/aglow.cz\/index.php\/wp-json\/wp\/v2\/categories?post=4500"},{"taxonomy":"post_tag","embeddable":true,"href":"https:\/\/aglow.cz\/index.php\/wp-json\/wp\/v2\/tags?post=4500"}],"curies":[{"name":"wp","href":"https:\/\/api.w.org\/{rel}","templated":true}]}}